
{"id":280251,"date":"2025-12-19T16:48:03","date_gmt":"2025-12-19T19:48:03","guid":{"rendered":"https:\/\/selectce.com.br\/?p=280251"},"modified":"2025-12-19T16:48:03","modified_gmt":"2025-12-19T19:48:03","slug":"regularizacao-do-ifood-e-uber-eats-a-conta-vai-cair-no-colo-de-quem","status":"publish","type":"post","link":"https:\/\/selectce.com.br\/en\/regularizacao-do-ifood-e-uber-eats-a-conta-vai-cair-no-colo-de-quem\/","title":{"rendered":"Regulariza\u00e7\u00e3o do Ifood e Uber eats:  a conta vai cair no colo de quem?"},"content":{"rendered":"<p data-start=\"409\" data-end=\"757\">Nos \u00faltimos meses, voltou ao centro do debate a proposta de <strong data-start=\"469\" data-end=\"515\">regulamentar aplicativos como Uber e iFood<\/strong>, com ideias que incluem <strong data-start=\"540\" data-end=\"587\">pagamento m\u00ednimo por hora ou por quil\u00f4metro<\/strong>, al\u00e9m da defesa de um modelo pr\u00f3ximo \u00e0 <strong data-start=\"627\" data-end=\"663\">CLT para trabalhadores aut\u00f4nomos<\/strong>.<br data-start=\"664\" data-end=\"667\" \/>No discurso, soa como prote\u00e7\u00e3o social. Na pr\u00e1tica, o impacto pode ser exatamente o oposto.<\/p>\n<p data-start=\"759\" data-end=\"847\">Antes de discutir ideologia, vale olhar para os <strong data-start=\"807\" data-end=\"846\">dados e os efeitos reais no mercado<\/strong>.<\/p>\n<hr data-start=\"849\" data-end=\"852\" \/>\n<h2 data-start=\"854\" data-end=\"900\"><strong>O que os apps realmente mudaram nas cidades<\/strong><\/h2>\n<p data-start=\"902\" data-end=\"1171\">Um estudo do <strong data-start=\"915\" data-end=\"922\">MIT<\/strong> mostrou que plataformas de entrega contribu\u00edram para uma <strong data-start=\"980\" data-end=\"1034\">redu\u00e7\u00e3o de at\u00e9 10,4% na criminalidade em S\u00e3o Paulo<\/strong>, especialmente em regi\u00f5es mais vulner\u00e1veis. O motivo \u00e9 simples. <strong data-start=\"1101\" data-end=\"1141\">Renda, ocupa\u00e7\u00e3o e inclus\u00e3o econ\u00f4mica<\/strong> reduzem a exposi\u00e7\u00e3o ao crime.<\/p>\n<p data-start=\"1173\" data-end=\"1338\">Esses aplicativos criaram uma alternativa imediata de gera\u00e7\u00e3o de renda para milh\u00f5es de pessoas que estavam fora do mercado formal ou que precisavam de flexibilidade. N\u00e3o \u00e9 teoria. \u00c9 dado.<\/p>\n<hr data-start=\"1363\" data-end=\"1366\" \/>\n<h2 data-start=\"1368\" data-end=\"1409\"><strong>O problema do tabelamento e da rigidez<\/strong><\/h2>\n<p data-start=\"1411\" data-end=\"1505\">Quando o Estado imp\u00f5e <strong data-start=\"1433\" data-end=\"1475\">tabelamento de pre\u00e7os e encargos fixos<\/strong>, a l\u00f3gica econ\u00f4mica \u00e9 direta:<\/p>\n<p data-start=\"1507\" data-end=\"1722\">\u2022 O custo operacional das plataformas sobe<br data-start=\"1549\" data-end=\"1552\" \/>\u2022 A margem das empresas diminui<br data-start=\"1583\" data-end=\"1586\" \/>\u2022 Os pre\u00e7os para o consumidor aumentam<br data-start=\"1624\" data-end=\"1627\" \/>\u2022 A demanda cai<br data-start=\"1642\" data-end=\"1645\" \/>\u2022 Menos pedidos, menos corridas<br data-start=\"1676\" data-end=\"1679\" \/>\u2022 Menos renda para quem trabalha nos apps<\/p>\n<p data-start=\"1724\" data-end=\"1755\">O resultado \u00e9 um efeito domin\u00f3.<\/p>\n<p data-start=\"1757\" data-end=\"1937\">O lanche do iFood fica mais caro.<br data-start=\"1790\" data-end=\"1793\" \/>A corrida do Uber deixa de ser op\u00e7\u00e3o.<br data-start=\"1830\" data-end=\"1833\" \/>O volume de pedidos cai.<br data-start=\"1857\" data-end=\"1860\" \/>E quem mais perde \u00e9 justamente quem depende desse fluxo para ganhar dinheiro.<\/p>\n<hr data-start=\"1939\" data-end=\"1942\" \/>\n<h2 data-start=\"1944\" data-end=\"1991\"><strong>Flexibilidade n\u00e3o \u00e9 precariza\u00e7\u00e3o. \u00c9 escolha.<\/strong><\/h2>\n<p data-start=\"1993\" data-end=\"2145\">Pesquisas mostram que <strong data-start=\"2015\" data-end=\"2084\">cerca de 75% dos trabalhadores de apps preferem o modelo aut\u00f4nomo<\/strong>, justamente pela flexibilidade de hor\u00e1rios e pela autonomia.<\/p>\n<p data-start=\"2147\" data-end=\"2305\">For\u00e7ar um modelo \u00fanico ignora a realidade de quem:<br \/>\n\u2022 trabalha em hor\u00e1rios alternativos<br data-start=\"2233\" data-end=\"2236\" \/>\u2022 complementa renda<br data-start=\"2255\" data-end=\"2258\" \/>\u2022 n\u00e3o quer ou n\u00e3o pode cumprir jornadas fixas<\/p>\n<p data-start=\"2307\" data-end=\"2376\">Transformar isso em CLT n\u00e3o cria empregos. <strong data-start=\"2350\" data-end=\"2376\">Elimina oportunidades.<\/strong><\/p>\n<hr data-start=\"2378\" data-end=\"2381\" \/>\n<h2 data-start=\"2383\" data-end=\"2414\"><strong>Exemplos que j\u00e1 deram errado<\/strong><\/h2>\n<p data-start=\"2416\" data-end=\"2482\">Isso n\u00e3o \u00e9 um debate novo. Outros pa\u00edses j\u00e1 testaram esse caminho.<\/p>\n<p data-start=\"2484\" data-end=\"2669\">\u2022 <strong data-start=\"2486\" data-end=\"2497\">Espanha<\/strong>. Custos subiram, empresas reduziram opera\u00e7\u00f5es e trabalhadores perderam renda<br data-start=\"2574\" data-end=\"2577\" \/>\u2022 <strong data-start=\"2579\" data-end=\"2593\">Calif\u00f3rnia<\/strong>. A tentativa de enquadrar apps como CLT elevou pre\u00e7os e reduziu a demanda<\/p>\n<p data-start=\"2671\" data-end=\"2796\">O padr\u00e3o se repete.<br data-start=\"2690\" data-end=\"2693\" \/>Regula\u00e7\u00e3o mal desenhada <strong data-start=\"2717\" data-end=\"2795\">encarece o servi\u00e7o, reduz o mercado e prejudica quem deveria ser protegido<\/strong>.<\/p>\n<hr data-start=\"2798\" data-end=\"2801\" \/>\n<h2 data-start=\"2803\" data-end=\"2872\"><strong>O Brasil precisa de regula\u00e7\u00e3o inteligente, n\u00e3o de interven\u00e7\u00e3o cega<\/strong><\/h2>\n<p data-start=\"2874\" data-end=\"2909\">Regular n\u00e3o \u00e9 sin\u00f4nimo de engessar.<\/p>\n<p data-start=\"2911\" data-end=\"3040\">O que funciona \u00e9:<br \/>\n\u2022 prote\u00e7\u00e3o social flex\u00edvel<br data-start=\"2955\" data-end=\"2958\" \/>\u2022 modelos h\u00edbridos<br data-start=\"2976\" data-end=\"2979\" \/>\u2022 incentivos, n\u00e3o puni\u00e7\u00f5es<br data-start=\"3005\" data-end=\"3008\" \/>\u2022 dados para tomada de decis\u00e3o<\/p>\n<p data-start=\"3042\" data-end=\"3205\">O Brasil n\u00e3o pode destruir um modelo que:<br \/>\n\u2022 emprega mais de 5 milh\u00f5es de pessoas<br data-start=\"3122\" data-end=\"3125\" \/>\u2022 reduz criminalidade<br data-start=\"3146\" data-end=\"3149\" \/>\u2022 movimenta a economia<br data-start=\"3171\" data-end=\"3174\" \/>\u2022 sustenta consumo e servi\u00e7os<\/p>\n<p data-start=\"3207\" data-end=\"3308\">Intervir sem entender a din\u00e2mica do mercado \u00e9 um erro caro. E quem paga essa conta nunca \u00e9 o governo.<\/p>\n<hr data-start=\"3310\" data-end=\"3313\" \/>\n<h2 data-start=\"3315\" data-end=\"3376\"><strong>O que isso tem a ver com empresas, tecnologia e estrat\u00e9gia<\/strong><\/h2>\n<p data-start=\"3378\" data-end=\"3463\">Esse debate revela algo maior: <strong data-start=\"3409\" data-end=\"3462\">decis\u00f5es sem dados quebram sistemas que funcionam<\/strong>.<\/p>\n<p data-start=\"3465\" data-end=\"3502\">O mesmo acontece dentro das empresas.<\/p>\n<p data-start=\"3504\" data-end=\"3625\">Quando neg\u00f3cios operam sem:<br \/>\n\u2022 dados organizados<br data-start=\"3551\" data-end=\"3554\" \/>\u2022 automa\u00e7\u00e3o<br data-start=\"3565\" data-end=\"3568\" \/>\u2022 vis\u00e3o de funil<br data-start=\"3584\" data-end=\"3587\" \/>\u2022 estrat\u00e9gia de aquisi\u00e7\u00e3o e reten\u00e7\u00e3o<\/p>\n<p data-start=\"3627\" data-end=\"3724\">Eles tomam decis\u00f5es no escuro.<br data-start=\"3657\" data-end=\"3660\" \/>Gastam mais.<br data-start=\"3672\" data-end=\"3675\" \/>Vendendo menos.<br data-start=\"3690\" data-end=\"3693\" \/>Acreditando que \u201cn\u00e3o funciona\u201d.<\/p>\n<hr data-start=\"3726\" data-end=\"3729\" \/>\n<h2 data-start=\"3731\" data-end=\"3772\"><strong>\u00c9 aqui que a gente entra<\/strong><\/h2>\n<p data-start=\"3774\" data-end=\"3882\">Na Select, ajudamos empresas a <strong data-start=\"3803\" data-end=\"3836\">construir estruturas pr\u00f3prias<\/strong>, que n\u00e3o dependem de achismo nem de modismos.<\/p>\n<p data-start=\"3884\" data-end=\"4096\">Criamos:<br \/>\n\u2022 sistemas de aquisi\u00e7\u00e3o previs\u00edveis<br data-start=\"3928\" data-end=\"3931\" \/>\u2022 funis bem definidos<br data-start=\"3952\" data-end=\"3955\" \/>\u2022 automa\u00e7\u00f5es comerciais e de marketing<br data-start=\"3993\" data-end=\"3996\" \/>\u2022 dados claros para decis\u00f5es estrat\u00e9gicas<br data-start=\"4037\" data-end=\"4040\" \/>\u2022 crescimento sustent\u00e1vel, mesmo em cen\u00e1rios inst\u00e1veis<\/p>\n<p data-start=\"4098\" data-end=\"4213\">Assim como o mercado de apps precisa de <strong data-start=\"4138\" data-end=\"4163\">regula\u00e7\u00e3o inteligente<\/strong>, empresas precisam de <strong data-start=\"4186\" data-end=\"4212\">estrat\u00e9gia inteligente<\/strong>.<\/p>\n<p data-start=\"4215\" data-end=\"4276\">Quem se antecipa, cresce.<br data-start=\"4240\" data-end=\"4243\" \/>Quem reage tarde, paga mais caro.<\/p>\n<hr data-start=\"4278\" data-end=\"4281\" \/>\n<h2 data-start=\"4283\" data-end=\"4333\"><strong>A pergunta final n\u00e3o \u00e9 pol\u00edtica. \u00c9 estrat\u00e9gica.<\/strong><\/h2>\n<p data-start=\"4335\" data-end=\"4447\">Regular vai proteger quem?<br data-start=\"4361\" data-end=\"4364\" \/>Vai gerar mais renda ou menos oportunidades?<br data-start=\"4408\" data-end=\"4411\" \/>Vai reduzir custos ou inflar pre\u00e7os?<\/p>\n<p data-start=\"4449\" data-end=\"4525\">No digital, no mercado e na economia, <strong data-start=\"4487\" data-end=\"4524\">quem ignora os dados sempre perde<\/strong>.<\/p>\n<p data-start=\"4527\" data-end=\"4654\">Se voc\u00ea quer construir um neg\u00f3cio que cresce mesmo em cen\u00e1rios incertos, a resposta n\u00e3o est\u00e1 no discurso.<br data-start=\"4632\" data-end=\"4635\" \/>Est\u00e1 na estrat\u00e9gia.<\/p>\n<p data-start=\"4656\" data-end=\"4672\" data-is-last-node=\"\" data-is-only-node=\"\"><strong><a href=\"https:\/\/selectce.com.br\/en\/agenda\/\">Vamos conversar?<\/a><\/strong><\/p>","protected":false},"excerpt":{"rendered":"<p>Nos \u00faltimos meses, voltou ao centro do debate a proposta de regulamentar aplicativos como Uber e iFood, com ideias que incluem pagamento m\u00ednimo por hora ou por quil\u00f4metro, al\u00e9m da defesa de um modelo pr\u00f3ximo \u00e0 CLT para trabalhadores aut\u00f4nomos.<br \/>\nNo discurso, soa como prote\u00e7\u00e3o social. Na pr\u00e1tica, o impacto pode ser exatamente o oposto.<\/p>","protected":false},"author":1,"featured_media":280254,"comment_status":"closed","ping_status":"closed","sticky":false,"template":"","format":"standard","meta":{"footnotes":""},"categories":[257],"tags":[182,602,604,608,603,605,607,606],"class_list":["post-280251","post","type-post","status-publish","format-standard","has-post-thumbnail","hentry","category-marketing","tag-delivery","tag-delivery-de-comida","tag-ifood","tag-keeta","tag-plataforma-propria-de-delivery","tag-rappi","tag-regularizacao-apps-delivery","tag-uber-eats"],"_links":{"self":[{"href":"https:\/\/selectce.com.br\/en\/wp-json\/wp\/v2\/posts\/280251","targetHints":{"allow":["GET"]}}],"collection":[{"href":"https:\/\/selectce.com.br\/en\/wp-json\/wp\/v2\/posts"}],"about":[{"href":"https:\/\/selectce.com.br\/en\/wp-json\/wp\/v2\/types\/post"}],"author":[{"embeddable":true,"href":"https:\/\/selectce.com.br\/en\/wp-json\/wp\/v2\/users\/1"}],"replies":[{"embeddable":true,"href":"https:\/\/selectce.com.br\/en\/wp-json\/wp\/v2\/comments?post=280251"}],"version-history":[{"count":1,"href":"https:\/\/selectce.com.br\/en\/wp-json\/wp\/v2\/posts\/280251\/revisions"}],"predecessor-version":[{"id":280255,"href":"https:\/\/selectce.com.br\/en\/wp-json\/wp\/v2\/posts\/280251\/revisions\/280255"}],"wp:featuredmedia":[{"embeddable":true,"href":"https:\/\/selectce.com.br\/en\/wp-json\/wp\/v2\/media\/280254"}],"wp:attachment":[{"href":"https:\/\/selectce.com.br\/en\/wp-json\/wp\/v2\/media?parent=280251"}],"wp:term":[{"taxonomy":"category","embeddable":true,"href":"https:\/\/selectce.com.br\/en\/wp-json\/wp\/v2\/categories?post=280251"},{"taxonomy":"post_tag","embeddable":true,"href":"https:\/\/selectce.com.br\/en\/wp-json\/wp\/v2\/tags?post=280251"}],"curies":[{"name":"wp","href":"https:\/\/api.w.org\/{rel}","templated":true}]}}