
{"id":25948,"date":"2016-09-02T13:55:07","date_gmt":"2016-09-02T16:55:07","guid":{"rendered":"https:\/\/selectce.com.br\/mais_leads_com_orcamento_reduzido_inbound_marketing-2\/"},"modified":"2026-02-01T00:08:18","modified_gmt":"2026-02-01T03:08:18","slug":"whatsapp_prepara_versao_para_empresas","status":"publish","type":"post","link":"https:\/\/selectce.com.br\/en\/whatsapp_prepara_versao_para_empresas\/","title":{"rendered":"WhatsApp prepara vers\u00e3o para empresas"},"content":{"rendered":"<div class=\"et_pb_section_0 et_pb_section et_section_regular et_block_section\"><div class=\"et_pb_row_0 et_pb_row et_block_row\"><div class=\"et_pb_column_0 et_pb_column et_pb_column_4_4 et-last-child et_block_column et_pb_css_mix_blend_mode_passthrough\"><div class=\"et_pb_text_0 et_pb_text et_pb_bg_layout_light et_pb_module et_block_module et_pb_text_align_left\"><div class=\"et_pb_text_inner\"><p>Se voc\u00ea usou o <strong>WhatsApp<\/strong> recentemente, \u00e9 prov\u00e1vel que tenha recebido um novo pedido de aceite dos termos de uso do aplicativo. Isso aconteceu porque a companhia atualizou a pol\u00edtica de privacidade para iniciar os testes de sua vers\u00e3o corporativa, anunciada em janeiro deste ano. A ideia \u00e9 permitir que empresas paguem para se relacionar com seus clientes por meio da plataforma.<\/p>\n<p>No texto do an\u00fancio, feito em 25 de agosto de 2016, o WhatsApp d\u00e1 dicas de que deve adotar uma estrat\u00e9gia similar \u00e0quela que vem fazendo o Facebook Messenger \u2013 as empresas podem enviar mensagens de alerta para os usu\u00e1rios compartilhando informa\u00e7\u00f5es sobre entregas de pedidos, recibo de produtos, dentre outras, em vez de propaganda. As mensagens ser\u00e3o enviadas por rob\u00f4s.<\/p>\n<p>A mudan\u00e7a representa uma maneira de monetizar o WhatsApp. Comprado pelo Facebook em 2014 por US$ 21,8 bilh\u00f5es, o aplicativo n\u00e3o gera receita atualmente, pois n\u00e3o permite an\u00fancios e deixou de cobrar US$ 1 por ano de cada usu\u00e1rio em janeiro.<br \/>\nNa pr\u00e1tica, por\u00e9m, muitas empresas j\u00e1 usam o WhatsApp de maneira extraoficial para fazer neg\u00f3cios. Mas, por contrariarem os termos de uso, acabavam bloqueadas pelo aplicativo.<\/p>\n<h2>Privacidade<\/h2>\n<p>A mudan\u00e7a na pol\u00edtica de privacidade do WhatsApp n\u00e3o prev\u00ea somente a gera\u00e7\u00e3o de receita por meio da entrada de empresas. A ideia \u00e9 fazer tamb\u00e9m com que o aplicativo colabore fornecendo mais dados ao Facebook. Agora, aplicativo e rede social compartilhar\u00e3o dados cadastrais \u2013 como n\u00famero do celular, n\u00famero de identifica\u00e7\u00e3o, sistema operacional e resolu\u00e7\u00e3o de tela do aparelho pelo qual o app \u00e9 acessado \u2013 entre si.<\/p>\n<p>Nessa integra\u00e7\u00e3o, ser\u00e1 poss\u00edvel associar um usu\u00e1rio do WhatsApp ao seu perfil equivalente no Facebook. Isso ajudar\u00e1 a rede social a sugerir amigos e a direcionar an\u00fancios por meio de um cruzamento de informa\u00e7\u00f5es. Nos termos de uso, no entanto, o WhatsApp esclarece que as mensagens enviadas pelos usu\u00e1rios continuam a ser criptografadas de ponta a ponta, podendo ser lidas somente por remetente e destinat\u00e1rio, al\u00e9m de n\u00e3o serem compartilhadas com o Facebook.<\/p>\n<p><a href=\"https:\/\/blog.whatsapp.com\/10000627\/Um-olhar-para-o-futuro-do-WhatsApp\" target=\"_blank\" rel=\"noopener\"><strong>Leia o artigo original, publicado pelo WhatsApp aqui.<\/strong><\/a><\/p>\n<p><a href=\"https:\/\/selectce.com.br\/en\/materiais-educativos\/\"><img loading=\"lazy\" decoding=\"async\" src=\"https:\/\/selectce.com.br\/wp-content\/uploads\/2016\/08\/materiais.png\" alt=\"eBook Como Mensurar e Otimizar Canais de Marketing Digital\" width=\"750\" height=\"170\" class=\"aligncenter\"><\/a><\/p>\n<h2><strong>E voc\u00ea, j\u00e1 utiliza o WhatsApp para neg\u00f3cios? Conte pra gente aqui em baixo:<\/strong><\/h2>\n<div class=\"fb-comments\" data-href=\"https:\/\/selectce.com.br\/whatsapp_prepara_versao_para_empresas\/\" data-width=\"720\" data-numposts=\"10\"><\/div>\n<\/div><\/div><\/div><\/div><\/div>","protected":false},"excerpt":{"rendered":"<p>O WhatsApp atualizou a pol\u00edtica de privacidade para iniciar os testes de sua vers\u00e3o corporativa. A ideia \u00e9 permitir que empresas paguem para se relacionar com seus clientes por meio da plataforma.<\/p>","protected":false},"author":1,"featured_media":25950,"comment_status":"open","ping_status":"open","sticky":false,"template":"","format":"standard","meta":{"footnotes":""},"categories":[6,59,10,93,98,3,4,113],"tags":[44,106,7,94,107,99,108,109,110,111,112],"class_list":["post-25948","post","type-post","status-publish","format-standard","has-post-thumbnail","hentry","category-comunicacao","category-facebook","category-futuro","category-inbound-marketing","category-marketing-digital","category-redes-sociais","category-sct","category-whatsapp","tag-branding","tag-comercial","tag-comunicacao","tag-inbound-marketing","tag-inbound-sales","tag-marketing-digital","tag-mudanca","tag-redes-sociais","tag-whats","tag-whats-app","tag-whatsapp"],"_links":{"self":[{"href":"https:\/\/selectce.com.br\/en\/wp-json\/wp\/v2\/posts\/25948","targetHints":{"allow":["GET"]}}],"collection":[{"href":"https:\/\/selectce.com.br\/en\/wp-json\/wp\/v2\/posts"}],"about":[{"href":"https:\/\/selectce.com.br\/en\/wp-json\/wp\/v2\/types\/post"}],"author":[{"embeddable":true,"href":"https:\/\/selectce.com.br\/en\/wp-json\/wp\/v2\/users\/1"}],"replies":[{"embeddable":true,"href":"https:\/\/selectce.com.br\/en\/wp-json\/wp\/v2\/comments?post=25948"}],"version-history":[{"count":2,"href":"https:\/\/selectce.com.br\/en\/wp-json\/wp\/v2\/posts\/25948\/revisions"}],"predecessor-version":[{"id":280319,"href":"https:\/\/selectce.com.br\/en\/wp-json\/wp\/v2\/posts\/25948\/revisions\/280319"}],"wp:featuredmedia":[{"embeddable":true,"href":"https:\/\/selectce.com.br\/en\/wp-json\/wp\/v2\/media\/25950"}],"wp:attachment":[{"href":"https:\/\/selectce.com.br\/en\/wp-json\/wp\/v2\/media?parent=25948"}],"wp:term":[{"taxonomy":"category","embeddable":true,"href":"https:\/\/selectce.com.br\/en\/wp-json\/wp\/v2\/categories?post=25948"},{"taxonomy":"post_tag","embeddable":true,"href":"https:\/\/selectce.com.br\/en\/wp-json\/wp\/v2\/tags?post=25948"}],"curies":[{"name":"wp","href":"https:\/\/api.w.org\/{rel}","templated":true}]}}